{"id":312,"date":"2024-05-22T23:36:33","date_gmt":"2024-05-22T23:36:33","guid":{"rendered":"https:\/\/nw.mercedes.gob.ar\/ciudadeducativa\/?p=312"},"modified":"2024-05-22T23:53:03","modified_gmt":"2024-05-22T23:53:03","slug":"guia-educativa-comunitaria-2024","status":"publish","type":"post","link":"https:\/\/nw.mercedes.gob.ar\/ciudadeducativa\/?p=312","title":{"rendered":"Gu\u00eda Educativa Comunitaria &#8211; 2024"},"content":{"rendered":"\n<p>Te invitamos a leer y descargar la Gu\u00eda Educativa Comunitaria 2024 trabajada y realizada junto a toda nuestra comunidad.<\/p>\n\n\n\n<div class=\"wp-block-columns is-layout-flex wp-container-3\">\n<div class=\"wp-block-column is-layout-flow\"><div class=\"_df_thumb \" id=\"df_309\"  data-title=\"guia-educativa-comunitaria-2024\" _slug=\"309\" wpoptions=\"true\" thumb=\"http:\/\/nw.mercedes.gob.ar\/ciudadeducativa\/wp-content\/uploads\/2024\/05\/Captura-de-pantalla-2024-05-22-203738.png\" thumbtype=\"\" >Gu\u00eda Educativa Comunitaria 2024<\/div><script class=\"df-shortcode-script\" type=\"application\/javascript\">window.option_df_309 = {\"outline\":[],\"height\":\"1024px\",\"autoEnableOutline\":\"false\",\"autoEnableThumbnail\":\"false\",\"overwritePDFOutline\":\"false\",\"direction\":\"1\",\"pageSize\":\"0\",\"source\":\"http:\\\/\\\/nw.mercedes.gob.ar\\\/ciudadeducativa\\\/wp-content\\\/uploads\\\/2024\\\/05\\\/recursero_guia2024.pdf\",\"wpOptions\":\"true\"}; if(window.DFLIP && window.DFLIP.parseBooks){window.DFLIP.parseBooks();}<\/script>\n<\/div>\n\n\n\n<div class=\"wp-block-column is-layout-flow\">\n<blockquote class=\"wp-block-quote\">\n<p><strong><a href=\"https:\/\/nw.mercedes.gob.ar\/ciudadeducativa\/wp-content\/uploads\/2024\/05\/recursero_guia2024.pdf\" data-type=\"URL\" data-id=\"https:\/\/nw.mercedes.gob.ar\/ciudadeducativa\/wp-content\/uploads\/2024\/05\/recursero_guia2024.pdf\">Descarg\u00e1 la gu\u00eda educativa y guardala para consultarla siempre!<\/a> <\/strong><\/p>\n<\/blockquote>\n<\/div>\n<\/div>\n\n\n\n<p>Mir\u00e1 la presentaci\u00f3n con la participaci\u00f3n de distintos actores de la comunidad educativa e institucional de la ciudad.<\/p>\n\n\n\n<figure class=\"wp-block-embed is-type-video is-provider-youtube wp-block-embed-youtube wp-embed-aspect-16-9 wp-has-aspect-ratio\"><div class=\"wp-block-embed__wrapper\">\n<iframe loading=\"lazy\" title=\"Presentaci\u00f3n de la gu\u00eda Educativa Comunitaria 2024\" width=\"1080\" height=\"608\" src=\"https:\/\/www.youtube.com\/embed\/i7ncHQVZY84?feature=oembed\"  allow=\"accelerometer; autoplay; clipboard-write; encrypted-media; gyroscope; picture-in-picture; web-share\" referrerpolicy=\"strict-origin-when-cross-origin\" allowfullscreen><\/iframe>\n<\/div><\/figure>\n","protected":false},"excerpt":{"rendered":"<p>Te invitamos a leer y descargar la Gu\u00eda Educativa Comunitaria 2024 trabajada y realizada junto a toda nuestra comunidad. Descarg\u00e1 la gu\u00eda educativa y guardala para consultarla siempre! Mir\u00e1 la presentaci\u00f3n con la participaci\u00f3n de distintos actores de la comunidad educativa e institucional de la ciudad.<\/p>\n","protected":false},"author":1,"featured_media":0,"comment_status":"open","ping_status":"open","sticky":false,"template":"","format":"standard","meta":{"_et_pb_use_builder":"off","_et_pb_old_content":"","_et_gb_content_width":""},"categories":[1],"tags":[],"_links":{"self":[{"href":"https:\/\/nw.mercedes.gob.ar\/ciudadeducativa\/index.php?rest_route=\/wp\/v2\/posts\/312"}],"collection":[{"href":"https:\/\/nw.mercedes.gob.ar\/ciudadeducativa\/index.php?rest_route=\/wp\/v2\/posts"}],"about":[{"href":"https:\/\/nw.mercedes.gob.ar\/ciudadeducativa\/index.php?rest_route=\/wp\/v2\/types\/post"}],"author":[{"embeddable":true,"href":"https:\/\/nw.mercedes.gob.ar\/ciudadeducativa\/index.php?rest_route=\/wp\/v2\/users\/1"}],"replies":[{"embeddable":true,"href":"https:\/\/nw.mercedes.gob.ar\/ciudadeducativa\/index.php?rest_route=%2Fwp%2Fv2%2Fcomments&post=312"}],"version-history":[{"count":5,"href":"https:\/\/nw.mercedes.gob.ar\/ciudadeducativa\/index.php?rest_route=\/wp\/v2\/posts\/312\/revisions"}],"predecessor-version":[{"id":322,"href":"https:\/\/nw.mercedes.gob.ar\/ciudadeducativa\/index.php?rest_route=\/wp\/v2\/posts\/312\/revisions\/322"}],"wp:attachment":[{"href":"https:\/\/nw.mercedes.gob.ar\/ciudadeducativa\/index.php?rest_route=%2Fwp%2Fv2%2Fmedia&parent=312"}],"wp:term":[{"taxonomy":"category","embeddable":true,"href":"https:\/\/nw.mercedes.gob.ar\/ciudadeducativa\/index.php?rest_route=%2Fwp%2Fv2%2Fcategories&post=312"},{"taxonomy":"post_tag","embeddable":true,"href":"https:\/\/nw.mercedes.gob.ar\/ciudadeducativa\/index.php?rest_route=%2Fwp%2Fv2%2Ftags&post=312"}],"curies":[{"name":"wp","href":"https:\/\/api.w.org\/{rel}","templated":true}]}}